{"id":1555,"date":"2025-03-07T13:03:46","date_gmt":"2025-03-07T12:03:46","guid":{"rendered":"https:\/\/weltladen-belecke.de\/?p=1555"},"modified":"2025-03-25T08:58:46","modified_gmt":"2025-03-25T07:58:46","slug":"auf-die-wuerde-fertig-los-einladung-zur-begegnung-am-mittwoch-19-maerz","status":"publish","type":"post","link":"https:\/\/weltladen-belecke.de\/?p=1555","title":{"rendered":"\u201eAuf die W\u00fcrde. Fertig. Los!\u201c &#8211; Interessanter Begegnungsabend mit Bischof Jude N. Silva aus Sri Lanka"},"content":{"rendered":"<p><img loading=\"lazy\" class=\"alignnone size-medium wp-image-1563\" src=\"https:\/\/weltladen-belecke.de\/wp-content\/uploads\/2025\/03\/2025-03-Belecke-Misereor-Begegnungsabend2-web-300x300.jpg\" alt=\"\" width=\"300\" height=\"300\" srcset=\"https:\/\/weltladen-belecke.de\/wp-content\/uploads\/2025\/03\/2025-03-Belecke-Misereor-Begegnungsabend2-web-300x300.jpg 300w, https:\/\/weltladen-belecke.de\/wp-content\/uploads\/2025\/03\/2025-03-Belecke-Misereor-Begegnungsabend2-web-1024x1024.jpg 1024w, https:\/\/weltladen-belecke.de\/wp-content\/uploads\/2025\/03\/2025-03-Belecke-Misereor-Begegnungsabend2-web-150x150.jpg 150w, https:\/\/weltladen-belecke.de\/wp-content\/uploads\/2025\/03\/2025-03-Belecke-Misereor-Begegnungsabend2-web-768x768.jpg 768w, https:\/\/weltladen-belecke.de\/wp-content\/uploads\/2025\/03\/2025-03-Belecke-Misereor-Begegnungsabend2-web-1536x1536.jpg 1536w, https:\/\/weltladen-belecke.de\/wp-content\/uploads\/2025\/03\/2025-03-Belecke-Misereor-Begegnungsabend2-web-2048x2048.jpg 2048w\" sizes=\"(max-width: 300px) 100vw, 300px\" \/> <br \/>\nvon links nach rechts: Pastor Markus Gudermann, Theo Sprenger, Bischof Jude N. Silva, Susanne F\u00f6ller, Anja Werthmann<br \/>\nFotos: Faire Gemeinde St. Pankratius Belecke<\/p>\n<p>Begegnungsabend mit Bischof Jude N. Silva aus Sri Lanka \/ Angeregter Austausch mit Misereor-Projektpartner zum Thema \u201eMenschenw\u00fcrde\u201c<\/p>\n<p><strong>Im Rahmen der Fastenaktion des katholischen Hilfswerks Misereor besucht Bischof Jude derzeit das Erzbistum Paderborn. Am Mittwoch, 19.03.2025, informierte er Gemeindemitglieder auf Einladung der Fairen Gemeinde St. Pankratius Belecke im Rahmen eines Begegnungsabends \u00fcber die Arbeit der Caritas Sri Lanka-SEDEC.<\/strong><\/p>\n<p><strong>\u00a0<\/strong>\u201eAuf die W\u00fcrde. Fertig. Los!\u201c \u2013 so lautet das Motto der diesj\u00e4hrigen Misereor-Fastenaktion. Als Beispielland hat Misereor in diesem Jahr Sri Lanka ausgew\u00e4hlt und stellt die Lebensumst\u00e4nde der Hochlandtamil*innen in der Di\u00f6zese Badulla in den Mittelpunkt der Kampagne. Die Di\u00f6zese in der Mitte des Inselstaats Sri Lanka wird seit Mitte 2023 von Bischof Jude Nishanta Silva geleitet, der zuvor Caritasdirektor in Badulla war.<\/p>\n<p>Nach einf\u00fchrenden Worten der Pfarrgemeinderatsvorsitzenden Anja Werthmann und von Susanne F\u00f6ller aus dem Team Weltkirche im Erzbisch\u00f6flichen Generalvikariat Paderborn berichtete Bischof Jude eindrucksvoll von der Arbeit der Misereor-Partnerorganisation Caritas Sri Lanka-SEDEC. Dass es gerade ein katholisches Projekt ist, das den Menschen auf den Teeplantagen im Hochland Sri Lankas zu einem menschenw\u00fcrdigen Leben verhelfen m\u00f6chte, ist dabei keineswegs selbstverst\u00e4ndlich. \u201eLediglich 7% der Menschen in Sri Lanka sind katholisch\u201c, betonte der Bischof. \u201eAber wir machen da im Kontakt mit den Menschen keinen Unterschied.\u201c<\/p>\n<p>Besonders beeindruckt waren die Zuh\u00f6renden von den Erl\u00e4uterungen des Bischofs \u00fcber die Arbeit der Teepfl\u00fcckerinnen. \u201eDas Teepfl\u00fccken ist eine Aufgabe, die ausschlie\u00dflich von Frauen \u00fcbernommen wird. Die Frauen pfl\u00fccken mit K\u00f6rben auf dem R\u00fccken an den teils steilen H\u00e4ngen 20 bis 30 kg Teebl\u00e4tter pro Tag. Daf\u00fcr werden sie mit umgerechnet 4 Euro entlohnt.\u201c Bildlich konnten die Anwesenden anhand eines Kurzfilms zur Fastenaktion einen Einblick in den Alltag der Hochlandtamil*innen gewinnen.<\/p>\n<p><img loading=\"lazy\" class=\"alignnone size-medium wp-image-1562\" src=\"https:\/\/weltladen-belecke.de\/wp-content\/uploads\/2025\/03\/2025-03-Belecke-Misereor-Begegnungsabend1-web-300x184.jpg\" alt=\"\" width=\"300\" height=\"184\" srcset=\"https:\/\/weltladen-belecke.de\/wp-content\/uploads\/2025\/03\/2025-03-Belecke-Misereor-Begegnungsabend1-web-300x184.jpg 300w, https:\/\/weltladen-belecke.de\/wp-content\/uploads\/2025\/03\/2025-03-Belecke-Misereor-Begegnungsabend1-web-1024x629.jpg 1024w, https:\/\/weltladen-belecke.de\/wp-content\/uploads\/2025\/03\/2025-03-Belecke-Misereor-Begegnungsabend1-web-768x471.jpg 768w, https:\/\/weltladen-belecke.de\/wp-content\/uploads\/2025\/03\/2025-03-Belecke-Misereor-Begegnungsabend1-web-1536x943.jpg 1536w, https:\/\/weltladen-belecke.de\/wp-content\/uploads\/2025\/03\/2025-03-Belecke-Misereor-Begegnungsabend1-web-2048x1257.jpg 2048w\" sizes=\"(max-width: 300px) 100vw, 300px\" \/><\/p>\n<p>Auf die Frage nach M\u00f6glichkeiten, den widrigen Lebensumst\u00e4nden auf den Plantagen zu entkommen, antwortete der Bischof: \u201eBildung ist hier der einzige Schl\u00fcssel. Daher bieten wir zum einen Stipendien f\u00fcr begabte Sch\u00fcler*innen an, damit diese eine weiterf\u00fchrende Schule besuchen und einen berufsqualifizierenden Abschluss erwerben k\u00f6nnen.\u201c Zum anderen unterh\u00e4lt Caritas Sri Lanka-SEDEC drei M\u00e4dchenwohnheime, in denen jungen Frauen Perspektiven au\u00dferhalb der Teeplantagen aufgezeigt werden. Hier erlernen sie zum Beispiel das N\u00e4hen oder bekommen \u00fcber Kleinstkredite die M\u00f6glichkeit, sich ein eigenes Gesch\u00e4ft aufzubauen.<\/p>\n<p>\u201eAll diese Arbeit, die den Hochlandtamil*innen ein menschenw\u00fcrdiges Leben erm\u00f6glichen soll, ist nur m\u00f6glich durch Spendengelder \u2013 auch aus Deutschland.\u201c Voller Dankbarkeit f\u00fcr das Interesse am Austausch ermutigte Bischof Jude die Teilnehmenden, in ihren unterschiedlichen Kontexten auf die Situation in Sri Lanka aufmerksam zu machen. Die Kollekte in den katholischen Gottesdiensten am 5. Fastensonntag (6. April) kommt der Projektf\u00f6rderung durch Misereor zu Gute. <a class=\"is-external-content-link\" href=\"http:\/\/www.fastenaktion.misereor.de\/\">www.fastenaktion.misereor.de\u00a0<\/a><\/p>\n<p><em>Susanne F\u00f6ller, Erzbistum Paderborn<\/em><\/p>\n<p>&nbsp;<\/p>\n<p>Vorank\u00fcndigung:<\/p>\n<p>Bischof Jude Nishantha Silva aus Sri Lanka wird auf Einladung der Fairen Gemeinde St. Pankratius Belecke die Misereor-Fastenaktion vorstellen. Das Thema der diesj\u00e4hrigen Fastenaktion lautet \u201eAuf die W\u00fcrde. Fertig. Los!\u201c Die katholische Hilfsorganisation hat in diesem Jahr Sri Lanka als Partnerland ausgew\u00e4hlt, um auf beispielhafte Projekte der Entwicklungszusammenarbeit hinzuweisen. Die Vorsitzende des Pfarrgemeinderates Anja Werthmann l\u00e4dt entwicklungspolitisch Interessierte aus dem ganzen Stadtgebiet ein, den Vortrag und die anschlie\u00dfende Gespr\u00e4chsrunde zu besuchen.<\/p>\n<p>Der Begegnungsabend mit Bischof Jude zur Misereor-Fastenaktion wird am <strong>Mittwoch, 19. M\u00e4rz, um 19 Uhr<\/strong> beginnen und etwa zwei Stunden dauern. Zu Beginn gibt es einen Willkommens-Tee, dessen faire Herkunft unter anderem auch Sri Lanka, fr\u00fcher Ceylon sein wird. Bischof Jude, der von Misereor nach Deutschland eingeladen wurde und verschiedene Di\u00f6zesen besucht, ist bekannt f\u00fcr sein soziales Engagement. Mit der Caritas-Organisation SEDEC unterst\u00fctzt er vor allem die D\u00f6rfer der Hochland-Tamilen rund um die riesigen Teeplantagen. Sie wurden von der britischen Kolonialmacht vor 200 Jahren als Arbeitskr\u00e4fte aus Indien geholt. Sie sind bis heute verarmt und rechtlos.<\/p>\n<p>Welche Projekte diese Benachteiligung beenden k\u00f6nnen, werden Bischof Jude und Susanne F\u00f6ller, Teamleitung Weltkirche im Erzbistum Paderborn, erkl\u00e4ren. Misereor begleitet die caritative Arbeit in Sri Lanka und f\u00f6rdert sie mit deutschen Spendengeldern. Misereor hat das dzi-Siegel f\u00fcr den effektiven Einsatz der Spenden seit vielen Jahren.<\/p>\n<p>&nbsp;<\/p>\n<hr \/>\n<p>&nbsp;<\/p>\n<p><strong>Infos zur Miseror-Fastenaktion 2025<\/strong><\/p>\n<p>Menschenw\u00fcrde ist nicht verhandelbar. Sie ist der Kern unserer Menschlichkeit und Grundlage aller Menschenrechte. Doch leider wird sie in vielen Teilen der Welt t\u00e4glich verletzt.<\/p>\n<p>Mit der diesj\u00e4hrigen Fastenaktion r\u00fcckt Misereor daher das Leben von Bewohnern und Bewohnerinnen der Teeplantagen in Sri Lanka in den Fokus. Misereor-Partner Caritas Sri Lanka-SEDEC unterst\u00fctzt insbesondere Frauen dabei, ihre Talente zu entfalten und ein eigenes Einkommen zu erzielen. Ein eindrucksvolles Beispiel ist N. Rajanayagi (Titelbild der Aktion), die es mit Hilfe von SEDEC geschafft hat, sich mit einem Kiosk selbstst\u00e4ndig zu machen. Damit sichert sie nicht nur ihre eigene, sondern auch die Zukunft ihrer Kinder.<\/p>\n<p>Diese Initiative zeigt: Es gibt ein Leben in W\u00fcrde und Selbstbestimmung selbst unter schwierigen Rahmenbedingungen. Mit dem Leitwort \u201eAuf die W\u00fcrde. Fertig. Los!\u201c m\u00f6chten wir Sie ermutigen, diesen Weg gemeinsam mit uns zu gehen. Unterst\u00fctzen wir den Wandel, der dringend n\u00f6tig ist.<\/p>\n<p>&nbsp;<\/p>\n<p><strong>Weitere Veranstaltungen zur Misereor-Fastenaktion mit Beteiligung der Eine-Welt-Gruppe:<\/strong><\/p>\n<p><strong>Kreuzweggebet am Freitag, 4. April um 18 Uhr<\/strong> in der Propsteikirche St. Pankratius Belecke, Am Propsteiberg 2, Warstein-Belecke<\/p>\n<p><strong>Gottesdienst am Sonntag, 6. April um 9:30 Uhr<\/strong> in der Propsteikirche St. Pankratius Belecke mit Einladung zum anschlie\u00dfenden Brotbrechen und Gemeinschaft in der Kirche.<\/p>\n<p>&nbsp;<\/p>\n<p><img loading=\"lazy\" class=\"alignnone size-medium wp-image-1557\" src=\"https:\/\/weltladen-belecke.de\/wp-content\/uploads\/2025\/03\/Post_Begegnungsabend-300x300.jpg\" alt=\"\" width=\"300\" height=\"300\" srcset=\"https:\/\/weltladen-belecke.de\/wp-content\/uploads\/2025\/03\/Post_Begegnungsabend-300x300.jpg 300w, https:\/\/weltladen-belecke.de\/wp-content\/uploads\/2025\/03\/Post_Begegnungsabend-1024x1024.jpg 1024w, https:\/\/weltladen-belecke.de\/wp-content\/uploads\/2025\/03\/Post_Begegnungsabend-150x150.jpg 150w, https:\/\/weltladen-belecke.de\/wp-content\/uploads\/2025\/03\/Post_Begegnungsabend-768x768.jpg 768w, https:\/\/weltladen-belecke.de\/wp-content\/uploads\/2025\/03\/Post_Begegnungsabend-1536x1536.jpg 1536w, https:\/\/weltladen-belecke.de\/wp-content\/uploads\/2025\/03\/Post_Begegnungsabend-2048x2048.jpg 2048w\" sizes=\"(max-width: 300px) 100vw, 300px\" \/><\/p>\n","protected":false},"excerpt":{"rendered":"<p>von links nach rechts: Pastor Markus Gudermann, Theo Sprenger, Bischof Jude N. Silva, Susanne F\u00f6ller, Anja Werthmann Fotos: Faire Gemeinde St. Pankratius Belecke Begegnungsabend mit Bischof Jude N. Silva aus Sri Lanka \/ Angeregter Austausch mit Misereor-Projektpartner zum Thema \u201eMenschenw\u00fcrde\u201c Im Rahmen der Fastenaktion des katholischen Hilfswerks Misereor besucht Bischof Jude derzeit das Erzbistum Paderborn.<span class=\"dots\"> &hellip; <\/span><span class=\"link-more\"><a href=\"https:\/\/weltladen-belecke.de\/?p=1555\" class=\"more-link\">Read more <span class=\"screen-reader-text\">&#8222;\u201eAuf die W\u00fcrde. Fertig. Los!\u201c &#8211; Interessanter Begegnungsabend mit Bischof Jude N. Silva aus Sri Lanka&#8220;<\/span><\/a><\/span><\/p>\n","protected":false},"author":2,"featured_media":1563,"comment_status":"closed","ping_status":"closed","sticky":false,"template":"","format":"standard","meta":[],"categories":[2],"tags":[],"_links":{"self":[{"href":"https:\/\/weltladen-belecke.de\/index.php?rest_route=\/wp\/v2\/posts\/1555"}],"collection":[{"href":"https:\/\/weltladen-belecke.de\/index.php?rest_route=\/wp\/v2\/posts"}],"about":[{"href":"https:\/\/weltladen-belecke.de\/index.php?rest_route=\/wp\/v2\/types\/post"}],"author":[{"embeddable":true,"href":"https:\/\/weltladen-belecke.de\/index.php?rest_route=\/wp\/v2\/users\/2"}],"replies":[{"embeddable":true,"href":"https:\/\/weltladen-belecke.de\/index.php?rest_route=%2Fwp%2Fv2%2Fcomments&post=1555"}],"version-history":[{"count":6,"href":"https:\/\/weltladen-belecke.de\/index.php?rest_route=\/wp\/v2\/posts\/1555\/revisions"}],"predecessor-version":[{"id":1565,"href":"https:\/\/weltladen-belecke.de\/index.php?rest_route=\/wp\/v2\/posts\/1555\/revisions\/1565"}],"wp:featuredmedia":[{"embeddable":true,"href":"https:\/\/weltladen-belecke.de\/index.php?rest_route=\/wp\/v2\/media\/1563"}],"wp:attachment":[{"href":"https:\/\/weltladen-belecke.de\/index.php?rest_route=%2Fwp%2Fv2%2Fmedia&parent=1555"}],"wp:term":[{"taxonomy":"category","embeddable":true,"href":"https:\/\/weltladen-belecke.de\/index.php?rest_route=%2Fwp%2Fv2%2Fcategories&post=1555"},{"taxonomy":"post_tag","embeddable":true,"href":"https:\/\/weltladen-belecke.de\/index.php?rest_route=%2Fwp%2Fv2%2Ftags&post=1555"}],"curies":[{"name":"wp","href":"https:\/\/api.w.org\/{rel}","templated":true}]}}